{"id":855,"date":"2024-08-21T22:50:45","date_gmt":"2024-08-21T22:50:45","guid":{"rendered":"https:\/\/www.taouret.fr\/?p=855"},"modified":"2024-08-21T22:50:45","modified_gmt":"2024-08-21T22:50:45","slug":"ta-ouret-participe-au-post-partum-tour-a-chartres","status":"publish","type":"post","link":"https:\/\/www.taouret.fr\/?p=855","title":{"rendered":"Ta Ouret participe au Post Partum Tour \u00e0 Chartres !"},"content":{"rendered":"\n<p>Venez nous rencontrer sur notre stand au Post Partum Tour qui se d\u00e9roulera le 21 septembre prochain \u00e0 l&rsquo;H\u00f4tel de Ville de Chartres.<\/p>\n\n\n\n<figure class=\"wp-block-image size-full\"><img loading=\"lazy\" decoding=\"async\" width=\"859\" height=\"867\" src=\"http:\/\/www.taouret.fr\/wp-content\/uploads\/2024\/08\/PPT_ChartresVisuel01.jpeg\" alt=\"\" class=\"wp-image-853\" srcset=\"https:\/\/www.taouret.fr\/wp-content\/uploads\/2024\/08\/PPT_ChartresVisuel01.jpeg 859w, https:\/\/www.taouret.fr\/wp-content\/uploads\/2024\/08\/PPT_ChartresVisuel01-297x300.jpeg 297w, https:\/\/www.taouret.fr\/wp-content\/uploads\/2024\/08\/PPT_ChartresVisuel01-150x150.jpeg 150w, https:\/\/www.taouret.fr\/wp-content\/uploads\/2024\/08\/PPT_ChartresVisuel01-768x775.jpeg 768w\" sizes=\"auto, (max-width: 859px) 100vw, 859px\" \/><\/figure>\n\n\n\n<figure class=\"wp-block-image size-full\"><img loading=\"lazy\" decoding=\"async\" width=\"862\" height=\"859\" src=\"http:\/\/www.taouret.fr\/wp-content\/uploads\/2024\/08\/PPT_ChartresVisuel02.jpeg\" alt=\"\" class=\"wp-image-854\" srcset=\"https:\/\/www.taouret.fr\/wp-content\/uploads\/2024\/08\/PPT_ChartresVisuel02.jpeg 862w, https:\/\/www.taouret.fr\/wp-content\/uploads\/2024\/08\/PPT_ChartresVisuel02-300x300.jpeg 300w, https:\/\/www.taouret.fr\/wp-content\/uploads\/2024\/08\/PPT_ChartresVisuel02-150x150.jpeg 150w, https:\/\/www.taouret.fr\/wp-content\/uploads\/2024\/08\/PPT_ChartresVisuel02-768x765.jpeg 768w\" sizes=\"auto, (max-width: 862px) 100vw, 862px\" \/><\/figure>\n","protected":false},"excerpt":{"rendered":"<p>Venez nous rencontrer sur notre stand au Post Partum Tour qui se d\u00e9roulera le 21 septembre prochain \u00e0 l&rsquo;H\u00f4tel de Ville de Chartres.<\/p>\n","protected":false},"author":1,"featured_media":0,"comment_status":"open","ping_status":"open","sticky":false,"template":"","format":"standard","meta":{"footnotes":""},"categories":[1],"tags":[],"class_list":["post-855","post","type-post","status-publish","format-standard","hentry","category-uncategorized"],"_links":{"self":[{"href":"https:\/\/www.taouret.fr\/index.php?rest_route=\/wp\/v2\/posts\/855","targetHints":{"allow":["GET"]}}],"collection":[{"href":"https:\/\/www.taouret.fr\/index.php?rest_route=\/wp\/v2\/posts"}],"about":[{"href":"https:\/\/www.taouret.fr\/index.php?rest_route=\/wp\/v2\/types\/post"}],"author":[{"embeddable":true,"href":"https:\/\/www.taouret.fr\/index.php?rest_route=\/wp\/v2\/users\/1"}],"replies":[{"embeddable":true,"href":"https:\/\/www.taouret.fr\/index.php?rest_route=%2Fwp%2Fv2%2Fcomments&post=855"}],"version-history":[{"count":1,"href":"https:\/\/www.taouret.fr\/index.php?rest_route=\/wp\/v2\/posts\/855\/revisions"}],"predecessor-version":[{"id":856,"href":"https:\/\/www.taouret.fr\/index.php?rest_route=\/wp\/v2\/posts\/855\/revisions\/856"}],"wp:attachment":[{"href":"https:\/\/www.taouret.fr\/index.php?rest_route=%2Fwp%2Fv2%2Fmedia&parent=855"}],"wp:term":[{"taxonomy":"category","embeddable":true,"href":"https:\/\/www.taouret.fr\/index.php?rest_route=%2Fwp%2Fv2%2Fcategories&post=855"},{"taxonomy":"post_tag","embeddable":true,"href":"https:\/\/www.taouret.fr\/index.php?rest_route=%2Fwp%2Fv2%2Ftags&post=855"}],"curies":[{"name":"wp","href":"https:\/\/api.w.org\/{rel}","templated":true}]}}