{"id":831,"date":"2024-01-10T22:26:20","date_gmt":"2024-01-10T22:26:20","guid":{"rendered":"https:\/\/www.taouret.fr\/?p=831"},"modified":"2024-01-10T22:26:20","modified_gmt":"2024-01-10T22:26:20","slug":"janvier-2024-nouvelle-annee-et-changements","status":"publish","type":"post","link":"https:\/\/www.taouret.fr\/?p=831","title":{"rendered":"Janvier 2024, nouvelle ann\u00e9e et changements"},"content":{"rendered":"\n<p>Chers Porteurs, chers Port\u00e9s,&#8230;<\/p>\n\n\n\n<p>Comme annonc\u00e9 derni\u00e8rement, Ta Ouret est en mouvement.<\/p>\n\n\n\n<p>A regret, nous voyons notre Pr\u00e9sidente, C\u00e9cile, partir pour de nouvelles aventures \u00e0 l&rsquo;autre bout de la France <img loading=\"lazy\" decoding=\"async\" height=\"16\" width=\"16\" alt=\"\ud83d\ude97\" src=\"https:\/\/static.xx.fbcdn.net\/images\/emoji.php\/v9\/t45\/1.5\/16\/1f697.png\"><img loading=\"lazy\" decoding=\"async\" height=\"16\" width=\"16\" alt=\"\ud83c\udfc1\" src=\"https:\/\/static.xx.fbcdn.net\/images\/emoji.php\/v9\/t92\/1.5\/16\/1f3c1.png\"> Figure embl\u00e9matique des ateliers collectifs et individuels sur l&rsquo;agglom\u00e9ration chartraine, sa t\u00eate ne doit pas vous \u00eatre inconnue. Elle avait repris les r\u00eanes de l&rsquo;association en 2017, et a contribu\u00e9 \u00e0 faire de celle-ci un merveilleux r\u00e9seau de parentalit\u00e9 et une r\u00e9f\u00e9rence locale en mati\u00e8re de portage. Elle part, mais elle ne sera jamais vraiment loin, car Ta Ouret, au del\u00e0 d&rsquo;\u00eatre une association, c&rsquo;est aussi une grande famille <img loading=\"lazy\" decoding=\"async\" height=\"16\" width=\"16\" alt=\"\u2764\ufe0f\" src=\"https:\/\/static.xx.fbcdn.net\/images\/emoji.php\/v9\/tf3\/1.5\/16\/2764.png\"><\/p>\n\n\n\n<p>C&rsquo;est \u00e0 Mathilde que revient la pr\u00e9sidence de l&rsquo;association. Merci Mathilde d&rsquo;accepter cette casquette, une de plus ! Oui, parce que Mathilde, autrement connue pour \u00eatre le couteau suisse de l&rsquo;association, est une maman et une femme tr\u00e8s investie dans diff\u00e9rentes sph\u00e8res associatives qui b\u00e9n\u00e9ficient de ses nombreuses comp\u00e9tences relationnelles et organisationnelles, de son \u00e9ternel optimisme, et de son envie insatiable de partager et de transmettre.<\/p>\n\n\n\n<p>Mais au bureau nous avons \u00e9galement d&rsquo;autres b\u00e9n\u00e9voles, qui couvrent le d\u00e9partement eur\u00e9lien. Elles ont comme points communs leur qualification en tant que monitrice de portage mais aussi leur implication professionnelle dans le secteur de la petite enfance <img loading=\"lazy\" decoding=\"async\" height=\"16\" width=\"16\" alt=\"\ud83d\udc76\" src=\"https:\/\/static.xx.fbcdn.net\/images\/emoji.php\/v9\/t4\/1.5\/16\/1f476.png\"><img loading=\"lazy\" decoding=\"async\" height=\"16\" width=\"16\" alt=\"\ud83c\udf7c\" src=\"https:\/\/static.xx.fbcdn.net\/images\/emoji.php\/v9\/t70\/1.5\/16\/1f37c.png\"> (pu\u00e9ricultrices, assistante maternelle, sage-femme) ce qui donne les grandes lignes de l&rsquo;\u00e9tat d&rsquo;esprit de notre chouette \u00e9quipe. Il y a C\u00e9lia, qui endosse le r\u00f4le de secr\u00e9taire. Aur\u00e9lie et B\u00e9n\u00e9dicte, tr\u00e9sori\u00e8re et tr\u00e9sori\u00e8re adjointe. Et G\u00e9raldine, notre charg\u00e9e de communication.<\/p>\n\n\n\n<p>Nous travaillons r\u00e9guli\u00e8rement sur l&rsquo;organisation d&rsquo;ateliers de portage collectifs et individuels selon les demandes qui arrivent \u00e0 l&rsquo;association.<\/p>\n\n\n\n<p>Alors n&rsquo;h\u00e9sitez pas \u00e0 nous les adresser par mail ou par Messenger. Nous t\u00e2cherons d&rsquo;y r\u00e9pondre le plus rapidement possible.<\/p>\n\n\n\n<p>Bonne semaine \u00e0 tous <img loading=\"lazy\" decoding=\"async\" height=\"16\" width=\"16\" alt=\"\ud83e\udd9b\" src=\"https:\/\/static.xx.fbcdn.net\/images\/emoji.php\/v9\/tb3\/1.5\/16\/1f99b.png\"><\/p>\n\n\n\n<p>L&rsquo;\u00e9quipe <a href=\"https:\/\/www.facebook.com\/TaOuretChartres?__cft__[0]=AZWe2o58VlKCNm3JJWTlxEVfEdSf1MCJNpLSt4WTGBSm9fk1IF6MopXJ3Z4ftCDtvHqA-Vvi-Ay_LpO62qHajcrkaSsbBeAn7Mt_3-2K0osofkYT0OxX4y0KNiXNHbOVbAyMfO4cjzKA4jBbEyQgnQnQ&amp;__tn__=-]K-R\">Ta Ouret<\/a><\/p>\n","protected":false},"excerpt":{"rendered":"<p>Chers Porteurs, chers Port\u00e9s,&#8230; Comme annonc\u00e9 derni\u00e8rement, Ta Ouret est en mouvement. A regret, nous voyons notre Pr\u00e9sidente, C\u00e9cile, partir pour de nouvelles aventures \u00e0 l&rsquo;autre bout de la France Figure embl\u00e9matique des ateliers collectifs et individuels sur l&rsquo;agglom\u00e9ration chartraine, sa t\u00eate ne doit pas vous \u00eatre inconnue. Elle avait repris les r\u00eanes de l&rsquo;association&#8230;<\/p>\n","protected":false},"author":1,"featured_media":0,"comment_status":"open","ping_status":"open","sticky":false,"template":"","format":"standard","meta":{"footnotes":""},"categories":[1],"tags":[],"class_list":["post-831","post","type-post","status-publish","format-standard","hentry","category-uncategorized"],"_links":{"self":[{"href":"https:\/\/www.taouret.fr\/index.php?rest_route=\/wp\/v2\/posts\/831","targetHints":{"allow":["GET"]}}],"collection":[{"href":"https:\/\/www.taouret.fr\/index.php?rest_route=\/wp\/v2\/posts"}],"about":[{"href":"https:\/\/www.taouret.fr\/index.php?rest_route=\/wp\/v2\/types\/post"}],"author":[{"embeddable":true,"href":"https:\/\/www.taouret.fr\/index.php?rest_route=\/wp\/v2\/users\/1"}],"replies":[{"embeddable":true,"href":"https:\/\/www.taouret.fr\/index.php?rest_route=%2Fwp%2Fv2%2Fcomments&post=831"}],"version-history":[{"count":1,"href":"https:\/\/www.taouret.fr\/index.php?rest_route=\/wp\/v2\/posts\/831\/revisions"}],"predecessor-version":[{"id":832,"href":"https:\/\/www.taouret.fr\/index.php?rest_route=\/wp\/v2\/posts\/831\/revisions\/832"}],"wp:attachment":[{"href":"https:\/\/www.taouret.fr\/index.php?rest_route=%2Fwp%2Fv2%2Fmedia&parent=831"}],"wp:term":[{"taxonomy":"category","embeddable":true,"href":"https:\/\/www.taouret.fr\/index.php?rest_route=%2Fwp%2Fv2%2Fcategories&post=831"},{"taxonomy":"post_tag","embeddable":true,"href":"https:\/\/www.taouret.fr\/index.php?rest_route=%2Fwp%2Fv2%2Ftags&post=831"}],"curies":[{"name":"wp","href":"https:\/\/api.w.org\/{rel}","templated":true}]}}