{"id":751,"date":"2021-07-27T22:22:58","date_gmt":"2021-07-27T22:22:58","guid":{"rendered":"http:\/\/www.taouret.fr\/?p=751"},"modified":"2021-07-27T22:22:58","modified_gmt":"2021-07-27T22:22:58","slug":"ta-ouret-juillet-2021-ou-en-est-on","status":"publish","type":"post","link":"https:\/\/www.taouret.fr\/?p=751","title":{"rendered":"Ta Ouret &#8211; Juillet 2021. O\u00f9 en est-on ?"},"content":{"rendered":"\n<p>Mine de rien, beaucoup de choses se sont pass\u00e9es chez Ta Ouret pendant l&rsquo;ann\u00e9e qui vient de s&rsquo;\u00e9couler et nous avons toujours plein de projets en t\u00eate ! Alors on vous fait un petit point d&rsquo;\u00e9tape !<\/p>\n\n\n\n<p>Tout d&rsquo;abord, l&rsquo;ann\u00e9e 2021 a vu le d\u00e9part de deux de nos supers monitrices :<\/p>\n\n\n\n<p>&#8211;> <a href=\"https:\/\/www.facebook.com\/laurie.herrero?__cft__[0]=AZUwQIP33zhldgC8iSOs7Gy1M-2ftyv0bTSr5yRiAGh5nHkTnnXRY2ZR6sMH4Ty957f-I2ep3pOlg5G6_rgbZFQksh7_HUqUnQMiDMhcekahHhihviqX09cLImJjhWWcOaMo0qSbbYmRILxqlTK1lq6V&amp;__tn__=-]K-R\">Laurie Bdn Hrr<\/a> a mont\u00e9 sa soci\u00e9t\u00e9, <a href=\"https:\/\/www.facebook.com\/laurie.prapam\/?__cft__[0]=AZUwQIP33zhldgC8iSOs7Gy1M-2ftyv0bTSr5yRiAGh5nHkTnnXRY2ZR6sMH4Ty957f-I2ep3pOlg5G6_rgbZFQksh7_HUqUnQMiDMhcekahHhihviqX09cLImJjhWWcOaMo0qSbbYmRILxqlTK1lq6V&amp;__tn__=kK-R\">Prapam<\/a> en tant que praticienne en r\u00e9flexe archa\u00efque. Elle propose \u00e9galement des ateliers de portage ou de massage b\u00e9b\u00e9, de soins p\u00e9rinataux. Elle va bient\u00f4t quitter notre r\u00e9gion pour s&rsquo;installer en Bretagne.<\/p>\n\n\n\n<p>&#8211;> <a href=\"https:\/\/www.facebook.com\/mariecharlotte.thierry?__cft__[0]=AZUwQIP33zhldgC8iSOs7Gy1M-2ftyv0bTSr5yRiAGh5nHkTnnXRY2ZR6sMH4Ty957f-I2ep3pOlg5G6_rgbZFQksh7_HUqUnQMiDMhcekahHhihviqX09cLImJjhWWcOaMo0qSbbYmRILxqlTK1lq6V&amp;__tn__=-]K-R\">Marie-Charlotte Thierry<\/a> quitte \u00e9galement notre d\u00e9partement pour un projet personnel et familial : partir vivre sur leur voilier pendant un an ! Objectif : un tour de l&rsquo;Atlantique Nord, de la France au Cap-Vert jusqu&rsquo;aux Antilles et retour !Nous leur souhaitons \u00e0 toutes les deux toute le meilleur dans ces beaux projets ! <\/p>\n\n\n\n<p>Vous allez nous manquer les filles ! <\/p>\n\n\n\n<p>Ensuite, je ne suis pas s\u00fbre que G\u00e9raldine, alias @G\u00e9g\u00e9 Le Ranger ait \u00e9t\u00e9 pr\u00e9sent\u00e9e correctement ! G\u00e9raldine, sage-femme de formation, a abandonn\u00e9 les salles de naissance et suites de couches pour un poste de gestion de l&rsquo;h\u00f4pital du Coudray. Maman de deux enfants, elle a fait la formation Porter, Simplement \u00e0 l&rsquo;\u00e9t\u00e9 2020 et a renforc\u00e9 notre \u00e9quipe de monitrice depuis un an. <\/p>\n\n\n\n<p>Ainsi, nous sommes aujourd&rsquo;hui 5 monitrices de portage, en comptant @Aur\u00e9lie Vanderstuyft, @B\u00e9n\u00e9 Dicte, <a href=\"https:\/\/www.facebook.com\/celia.guerin?__cft__[0]=AZUwQIP33zhldgC8iSOs7Gy1M-2ftyv0bTSr5yRiAGh5nHkTnnXRY2ZR6sMH4Ty957f-I2ep3pOlg5G6_rgbZFQksh7_HUqUnQMiDMhcekahHhihviqX09cLImJjhWWcOaMo0qSbbYmRILxqlTK1lq6V&amp;__tn__=-]K-R\">Celia Jeannot Guerin<\/a> et moi-m\u00eame, <a href=\"https:\/\/www.facebook.com\/cecile.mandras?__cft__[0]=AZUwQIP33zhldgC8iSOs7Gy1M-2ftyv0bTSr5yRiAGh5nHkTnnXRY2ZR6sMH4Ty957f-I2ep3pOlg5G6_rgbZFQksh7_HUqUnQMiDMhcekahHhihviqX09cLImJjhWWcOaMo0qSbbYmRILxqlTK1lq6V&amp;__tn__=-]K-R\">C\u00e9cile Mandras<\/a>. <\/p>\n\n\n\n<p><a href=\"https:\/\/www.facebook.com\/til.rioot?__cft__[0]=AZUwQIP33zhldgC8iSOs7Gy1M-2ftyv0bTSr5yRiAGh5nHkTnnXRY2ZR6sMH4Ty957f-I2ep3pOlg5G6_rgbZFQksh7_HUqUnQMiDMhcekahHhihviqX09cLImJjhWWcOaMo0qSbbYmRILxqlTK1lq6V&amp;__tn__=-]K-R\">Mathilde Verdier<\/a>, notre secr\u00e9taire \u00ab\u00a0couteau suisse\u00a0\u00bb, passionn\u00e9e encore plus particuli\u00e8rement par l&rsquo;allaitement, est devenue cette ann\u00e9e co-marraine r\u00e9f\u00e9rente de l&rsquo;association <a href=\"https:\/\/www.facebook.com\/lorblanc.association\/?__cft__[0]=AZUwQIP33zhldgC8iSOs7Gy1M-2ftyv0bTSr5yRiAGh5nHkTnnXRY2ZR6sMH4Ty957f-I2ep3pOlg5G6_rgbZFQksh7_HUqUnQMiDMhcekahHhihviqX09cLImJjhWWcOaMo0qSbbYmRILxqlTK1lq6V&amp;__tn__=kK-R\">L&rsquo;Or Blanc, R\u00e9seau de Soutien \u00e0 l&rsquo;Allaitement Maternel<\/a> pour le d\u00e9partement de l&rsquo;Eure et Loir. Elle anime \u00e9galement toutes nos r\u00e9unions d&rsquo;\u00e9change autour de l&rsquo;allaitement, qui sont organis\u00e9es en partenariat entre les deux associations.<\/p>\n\n\n\n<p>Pour l&rsquo;ann\u00e9e prochaine, des nouveaut\u00e9s devraient arriver !<\/p>\n\n\n\n<p>Tout d&rsquo;abord, nous proposerons maintenant <strong>3 lieux d&rsquo;ateliers collectifs<\/strong> en alternance un mois sur deux : le premier mois \u00e0 <strong>Chartres<\/strong>, o\u00f9 nous retrouverons normalement notre salle pr\u00eat\u00e9e par la <a href=\"https:\/\/www.facebook.com\/villedechartres\/?__cft__[0]=AZUwQIP33zhldgC8iSOs7Gy1M-2ftyv0bTSr5yRiAGh5nHkTnnXRY2ZR6sMH4Ty957f-I2ep3pOlg5G6_rgbZFQksh7_HUqUnQMiDMhcekahHhihviqX09cLImJjhWWcOaMo0qSbbYmRILxqlTK1lq6V&amp;__tn__=kK-R\">Ville de Chartres<\/a>, \u00e0 la Madeleine. Ces ateliers seront anim\u00e9s la plupart du temps par deux monitrices, en g\u00e9n\u00e9ral C\u00e9cile, Aur\u00e9lie ou G\u00e9raldine. Le mois suivant auront lieu un atelier collectif \u00e0 <strong>M\u00e9zi\u00e8res-en-Drouais<\/strong>, gr\u00e2ce \u00e0 un partenariat mis en place avec l&rsquo; <a href=\"https:\/\/www.facebook.com\/ascmezieresendrouais\/?__cft__[0]=AZUwQIP33zhldgC8iSOs7Gy1M-2ftyv0bTSr5yRiAGh5nHkTnnXRY2ZR6sMH4Ty957f-I2ep3pOlg5G6_rgbZFQksh7_HUqUnQMiDMhcekahHhihviqX09cLImJjhWWcOaMo0qSbbYmRILxqlTK1lq6V&amp;__tn__=kK-R\">ASC Mezieres En Drouais<\/a>, anim\u00e9 par B\u00e9n\u00e9dicte, et un atelier collectif au domicile de C\u00e9lia, au <strong>Pr\u00e9-Saint-Evroult<\/strong>, non loin de Bonneval. <\/p>\n\n\n\n<p>Nous aurons \u00e9galement toujours des <strong>rencontres autour de l&rsquo;allaitement maternel<\/strong>, le lieu reste encore \u00e0 pr\u00e9ciser car plusieurs pistes sont en cours d&rsquo;\u00e9tude. <\/p>\n\n\n\n<p>Enfin, en fonction des disponibilit\u00e9s de salle, nous r\u00e9fl\u00e9chissons \u00e0 proposer, au moins sur le premier trimestre, des <strong>ateliers de danse portage<\/strong>, en profitant du cong\u00e9s maternit\u00e9 de C\u00e9cile ! <\/p>\n\n\n\n<p>En septembre, il sera \u00e9galement temps de pr\u00e9voir notre <strong>assembl\u00e9e g\u00e9n\u00e9rale ordinaire<\/strong>. Nous reviendrons vers vous avec la date. <\/p>\n\n\n\n<p><\/p>\n\n\n\n<p>Je crois que \u00e7a fait d\u00e9j\u00e0 pas mal d&rsquo;infos ! <\/p>\n\n\n\n<p>Nous nous retrouverons donc avec plaisir en septembre ! <\/p>\n\n\n\n<p>Passez un tr\u00e8s bel \u00e9t\u00e9 et portez(-vous) bien !<\/p>\n\n\n\n<p>C\u00e9cile, pour toute l&rsquo;\u00e9quipe de Ta Ouret.<\/p>\n","protected":false},"excerpt":{"rendered":"<p>Mine de rien, beaucoup de choses se sont pass\u00e9es chez Ta Ouret pendant l&rsquo;ann\u00e9e qui vient de s&rsquo;\u00e9couler et nous avons toujours plein de projets en t\u00eate ! Alors on vous fait un petit point d&rsquo;\u00e9tape ! Tout d&rsquo;abord, l&rsquo;ann\u00e9e 2021 a vu le d\u00e9part de deux de nos supers monitrices : &#8211;> Laurie Bdn&#8230;<\/p>\n","protected":false},"author":1,"featured_media":0,"comment_status":"open","ping_status":"open","sticky":false,"template":"","format":"standard","meta":{"footnotes":""},"categories":[1],"tags":[],"class_list":["post-751","post","type-post","status-publish","format-standard","hentry","category-uncategorized"],"_links":{"self":[{"href":"https:\/\/www.taouret.fr\/index.php?rest_route=\/wp\/v2\/posts\/751","targetHints":{"allow":["GET"]}}],"collection":[{"href":"https:\/\/www.taouret.fr\/index.php?rest_route=\/wp\/v2\/posts"}],"about":[{"href":"https:\/\/www.taouret.fr\/index.php?rest_route=\/wp\/v2\/types\/post"}],"author":[{"embeddable":true,"href":"https:\/\/www.taouret.fr\/index.php?rest_route=\/wp\/v2\/users\/1"}],"replies":[{"embeddable":true,"href":"https:\/\/www.taouret.fr\/index.php?rest_route=%2Fwp%2Fv2%2Fcomments&post=751"}],"version-history":[{"count":1,"href":"https:\/\/www.taouret.fr\/index.php?rest_route=\/wp\/v2\/posts\/751\/revisions"}],"predecessor-version":[{"id":752,"href":"https:\/\/www.taouret.fr\/index.php?rest_route=\/wp\/v2\/posts\/751\/revisions\/752"}],"wp:attachment":[{"href":"https:\/\/www.taouret.fr\/index.php?rest_route=%2Fwp%2Fv2%2Fmedia&parent=751"}],"wp:term":[{"taxonomy":"category","embeddable":true,"href":"https:\/\/www.taouret.fr\/index.php?rest_route=%2Fwp%2Fv2%2Fcategories&post=751"},{"taxonomy":"post_tag","embeddable":true,"href":"https:\/\/www.taouret.fr\/index.php?rest_route=%2Fwp%2Fv2%2Ftags&post=751"}],"curies":[{"name":"wp","href":"https:\/\/api.w.org\/{rel}","templated":true}]}}