{"id":380,"date":"2018-09-11T19:27:44","date_gmt":"2018-09-11T19:27:44","guid":{"rendered":"http:\/\/www.taouret.fr\/?p=380"},"modified":"2018-09-15T12:54:23","modified_gmt":"2018-09-15T12:54:23","slug":"assemblee-generale","status":"publish","type":"post","link":"https:\/\/www.taouret.fr\/?p=380","title":{"rendered":"Assembl\u00e9e G\u00e9n\u00e9rale 2018\/2019"},"content":{"rendered":"<p><img loading=\"lazy\" decoding=\"async\" class=\"wp-image-386 aligncenter\" src=\"http:\/\/www.taouret.fr\/wp-content\/uploads\/2018\/09\/Capture-d\u2019e\u0301cran-2018-09-15-a\u0300-14.53.06.png\" alt=\"\" width=\"625\" height=\"469\" srcset=\"https:\/\/www.taouret.fr\/wp-content\/uploads\/2018\/09\/Capture-d\u2019e\u0301cran-2018-09-15-a\u0300-14.53.06.png 950w, https:\/\/www.taouret.fr\/wp-content\/uploads\/2018\/09\/Capture-d\u2019e\u0301cran-2018-09-15-a\u0300-14.53.06-300x225.png 300w, https:\/\/www.taouret.fr\/wp-content\/uploads\/2018\/09\/Capture-d\u2019e\u0301cran-2018-09-15-a\u0300-14.53.06-768x576.png 768w\" sizes=\"auto, (max-width: 625px) 100vw, 625px\" \/><\/p>\n<p>L&rsquo;assembl\u00e9e g\u00e9n\u00e9rale de l&rsquo;association se tiendra le dimanche 16 septembre \u00e0 17h, dans la salle du forum de la Madeleine \u00e0 Chartres.<\/p>\n<blockquote><p>A l&rsquo;ordre du jour de cette assembl\u00e9e g\u00e9n\u00e9rale ordinaire :<br \/>\n&#8211; bilan moral de l&rsquo;ann\u00e9e \u00e9coul\u00e9e<br \/>\n&#8211; bilan financier<br \/>\n&#8211; perspectives et projets pour l&rsquo;ann\u00e9e \u00e0 venir<br \/>\n&#8211; budget 2018-2019<br \/>\n&#8211; \u00e9lection du nouveau CA<\/p><\/blockquote>\n<p>L&rsquo;ann\u00e9e 2017-2018, reprise des activit\u00e9s de l&rsquo;association Ta Ouret par une nouvelle \u00e9quipe a \u00e9t\u00e9 riche ! Alors venez discuter avec nous de votre ressenti, de vos avis, de vos id\u00e9es pour la suite !<\/p>\n<p>Le nouveau CA se r\u00e9unira rapidement (oui, oui, on y croit !) pour proposer un calendrier des ateliers collectifs pour l&rsquo;ann\u00e9e qui commence. Sachez d\u2019ores et d\u00e9j\u00e0 que des dates ont \u00e9t\u00e9 soumises \u00e0 la Ville et nous attendons la validation de la disponibilit\u00e9 des salles.<\/p>\n<p>A tr\u00e8s bient\u00f4t !<br \/>\nC\u00e9cile, pour l&rsquo;\u00e9quipe de Ta Ouret.<\/p>\n","protected":false},"excerpt":{"rendered":"<p>L&rsquo;assembl\u00e9e g\u00e9n\u00e9rale de l&rsquo;association se tiendra le dimanche 16 septembre \u00e0 17h, dans la salle du forum de la Madeleine \u00e0 Chartres. A l&rsquo;ordre du jour de cette assembl\u00e9e g\u00e9n\u00e9rale ordinaire : &#8211; bilan moral de l&rsquo;ann\u00e9e \u00e9coul\u00e9e &#8211; bilan financier &#8211; perspectives et projets pour l&rsquo;ann\u00e9e \u00e0 venir &#8211; budget 2018-2019 &#8211; \u00e9lection du&#8230;<\/p>\n","protected":false},"author":1,"featured_media":0,"comment_status":"open","ping_status":"open","sticky":false,"template":"","format":"standard","meta":{"footnotes":""},"categories":[1],"tags":[],"class_list":["post-380","post","type-post","status-publish","format-standard","hentry","category-uncategorized"],"_links":{"self":[{"href":"https:\/\/www.taouret.fr\/index.php?rest_route=\/wp\/v2\/posts\/380","targetHints":{"allow":["GET"]}}],"collection":[{"href":"https:\/\/www.taouret.fr\/index.php?rest_route=\/wp\/v2\/posts"}],"about":[{"href":"https:\/\/www.taouret.fr\/index.php?rest_route=\/wp\/v2\/types\/post"}],"author":[{"embeddable":true,"href":"https:\/\/www.taouret.fr\/index.php?rest_route=\/wp\/v2\/users\/1"}],"replies":[{"embeddable":true,"href":"https:\/\/www.taouret.fr\/index.php?rest_route=%2Fwp%2Fv2%2Fcomments&post=380"}],"version-history":[{"count":5,"href":"https:\/\/www.taouret.fr\/index.php?rest_route=\/wp\/v2\/posts\/380\/revisions"}],"predecessor-version":[{"id":388,"href":"https:\/\/www.taouret.fr\/index.php?rest_route=\/wp\/v2\/posts\/380\/revisions\/388"}],"wp:attachment":[{"href":"https:\/\/www.taouret.fr\/index.php?rest_route=%2Fwp%2Fv2%2Fmedia&parent=380"}],"wp:term":[{"taxonomy":"category","embeddable":true,"href":"https:\/\/www.taouret.fr\/index.php?rest_route=%2Fwp%2Fv2%2Fcategories&post=380"},{"taxonomy":"post_tag","embeddable":true,"href":"https:\/\/www.taouret.fr\/index.php?rest_route=%2Fwp%2Fv2%2Ftags&post=380"}],"curies":[{"name":"wp","href":"https:\/\/api.w.org\/{rel}","templated":true}]}}